[{"@context":"https:\/\/schema.org\/","@type":"Article","@id":"https:\/\/www.sras.cz\/vzdelavejte-se\/#Article","mainEntityOfPage":"https:\/\/www.sras.cz\/vzdelavejte-se\/","headline":"Vzd\u011bl\u00e1vejte se","name":"Vzd\u011bl\u00e1vejte se","description":"\u0160kola pro m\u011b byla v\u017edycky opravdu hodn\u011b d\u016fle\u017eit\u00e1. J\u00e1 sama jsem si nedok\u00e1zala p\u0159edstavit, \u017ee bych t\u0159eba ne\u0161la na vysokou \u0161kolu. Proto u\u017e i v osm\u00e9 a dev\u00e1t\u00e9 t\u0159\u00edd\u011b jsem se \u00fapln\u011b co nejv\u00edce sna\u017eila. Nyn\u00ed ale dodnes nech\u00e1pu, pro\u010d jsem a\u017e do sedm\u00e9 t\u0159\u00eddy tohle v\u0161echno fl\u00e1kala. V\u016fbec jsem se ve \u0161kole nesna\u017eila, nev\u00edm [&hellip;]","datePublished":"2023-04-15","dateModified":"2023-04-15","author":{"@type":"Person","@id":"https:\/\/www.sras.cz\/author\/#Person","name":"sras.cz","url":"https:\/\/www.sras.cz\/author\/","identifier":1,"image":{"@type":"ImageObject","@id":"https:\/\/secure.gravatar.com\/avatar\/b72fc1bf1bf254b4118ef99c1da35a199f5a8e7c33c2166eae92618994df57ea?s=96&d=mm&r=g","url":"https:\/\/secure.gravatar.com\/avatar\/b72fc1bf1bf254b4118ef99c1da35a199f5a8e7c33c2166eae92618994df57ea?s=96&d=mm&r=g","height":96,"width":96}},"publisher":{"@type":"Organization","name":"sras.cz","logo":{"@type":"ImageObject","@id":"\/logo.png","url":"\/logo.png","width":600,"height":60}},"image":{"@type":"ImageObject","@id":"https:\/\/www.sras.cz\/wp-content\/uploads\/students-377789_1280_1.jpg","url":"https:\/\/www.sras.cz\/wp-content\/uploads\/students-377789_1280_1.jpg","height":0,"width":0},"url":"https:\/\/www.sras.cz\/vzdelavejte-se\/","about":["Vzd\u011bl\u00e1n\u00ed"],"wordCount":439,"articleBody":"\u0160kola pro m\u011b byla v\u017edycky opravdu hodn\u011b d\u016fle\u017eit\u00e1. J\u00e1 sama jsem si nedok\u00e1zala p\u0159edstavit, \u017ee bych t\u0159eba ne\u0161la na vysokou \u0161kolu. Proto u\u017e i v osm\u00e9 a dev\u00e1t\u00e9 t\u0159\u00edd\u011b jsem se \u00fapln\u011b co nejv\u00edce sna\u017eila. Nyn\u00ed ale dodnes nech\u00e1pu, pro\u010d jsem a\u017e do sedm\u00e9 t\u0159\u00eddy tohle v\u0161echno fl\u00e1kala. V\u016fbec jsem se ve \u0161kole nesna\u017eila, nev\u00edm pro\u010d, ale jakmile jsem nastoupila do osm\u00e9ho ro\u010dn\u00edku. Tak jsem se za\u010dala v\u00edce sna\u017eit, dokonce absolutn\u011b nev\u00edm, pro\u010d se to stalo nebo pro\u010d jsem takhle za\u010dala p\u0159em\u00fd\u0161let, proto\u017ee vlastn\u011b m\u011b rodi\u010de do toho v\u016fbec ani nenutili. Ani maminka, ani otec nemaj\u00ed ani jeden vysokou \u0161kolu, maj\u00ed pouze maturitu, ale jim to sta\u010d\u00ed a jsou spokojen\u00ed, \u017ee ud\u011blali aspo\u0148 maturitu.Sami mi \u0159\u00edkali, \u017ee maturitu ud\u011blali s od\u0159en\u00fdma u\u0161ima. Je\u0161t\u011b bych v\u00e1m cht\u011bla \u0159\u00edct, \u017ee pr\u00e1v\u011b moji rodi\u010de chodili na st\u0159edn\u00ed \u0161kolu z\u00e1rove\u0148 a pr\u00e1v\u011b ve druh\u00e9m ro\u010dn\u00edku st\u0159edn\u00ed \u0161koly se sezn\u00e1mili a potom v jednadvaceti letech m\u011bli svatbu. Podle m\u00e9ho n\u00e1zoru tohle bylo opravdu hodn\u011b romantick\u00e9 a nyn\u00ed si vzpom\u00edn\u00e1m, nebo mo\u017en\u00e1 jsem to u\u017e sly\u0161ela od maminky, \u017ee kdyby nebyla svatba, \u017ee by mo\u017en\u00e1 i \u0161li na vysokou \u0161kolu.Proto jsou pr\u00fd r\u00e1di, kdy\u017e jdu j\u00e1, kdy\u017e jsem se takhle sama rozhodla. Rodi\u010de jsou takov\u00ed, \u017ee by m\u011b nikdy do ni\u010deho nenutili a nebo necht\u011bli by po mn\u011b n\u011bco, co je mi proti srsti a nebo co by se mi nel\u00edbilo. Rodi\u010de \u0159\u00edkali, \u017ee kdy\u017e se d\u00edt\u011b a nebo i dosp\u011bl\u00fd \u010dlov\u011bk do n\u011b\u010deho nut\u00ed, tak to potom nem\u00e1 takov\u00fd efekt, jako kdyby to d\u00edt\u011b d\u011blalo samo od sebe, proto\u017ee kdy\u017e to d\u011bl\u00e1 d\u00edt\u011b je samo od sebe, tak se samoz\u0159ejm\u011b sna\u017e\u00ed a jde mu to o sto procent l\u00e9pe, ne\u017e kdyby se d\u00edt\u011b do n\u011b\u010deho nutilo. Nap\u0159\u00edklad j\u00e1 tak\u00e9 rodi\u010de nenut\u00edm do toho, aby si d\u00e1lkov\u011b je\u0161t\u011b ud\u011blali vysokou \u0161kolu. Podle m\u00e9ho n\u00e1zoru tohle v\u016fbec nem\u00e1 \u017e\u00e1dn\u00fd smysl. Jenom\u017ee otec u\u017e st\u00e1le uva\u017euje, \u017ee p\u0159\u00ed\u0161t\u00ed rok by si cht\u011bl ud\u011blat t\u0159eba n\u011bjakou n\u00e1stavbu a nebo jazykov\u00fd kurz, proto\u017ee si mysl\u00ed, \u017ee kdy\u017e se \u010dlov\u011bk vzd\u011bl\u00e1v\u00e1 celo\u017eivotn\u011b, \u017ee mu to jenom prosp\u00edv\u00e1.                                                                                                                                                                                                                                                                                                                                                                                                "},{"@context":"https:\/\/schema.org\/","@type":"BreadcrumbList","itemListElement":[{"@type":"ListItem","position":1,"name":"Vzd\u011bl\u00e1vejte se","item":"https:\/\/www.sras.cz\/vzdelavejte-se\/#breadcrumbitem"}]}]