[{"@context":"https:\/\/schema.org\/","@type":"Article","@id":"https:\/\/www.sras.cz\/skola-me-bavi\/#Article","mainEntityOfPage":"https:\/\/www.sras.cz\/skola-me-bavi\/","headline":"\u0160kola m\u011b bav\u00ed","name":"\u0160kola m\u011b bav\u00ed","description":"V\u017edycky jsem moc r\u00e1da \u010detla knihy. A bylo mi asi \u00fapln\u011b jedno, jak\u00e1 je to kniha, hlavn\u011b \u017ee to \u0161lo \u010d\u00edst. Mus\u00edm taky uznat, \u017ee jsem byla ve \u0161kole takov\u00fd premiant, proto\u017ee m\u011b taky bavilo se u\u010dit. Tak\u017ee pro m\u011b nebyl v\u016fbec \u017e\u00e1dn\u00fd probl\u00e9m, kdy\u017e jsem potom \u0161la na st\u0159edn\u00ed \u0161kolu. Oba dva moji sourozenci [&hellip;]","datePublished":"2023-02-09","dateModified":"2023-05-05","author":{"@type":"Person","@id":"https:\/\/www.sras.cz\/author\/#Person","name":"sras.cz","url":"https:\/\/www.sras.cz\/author\/","identifier":1,"image":{"@type":"ImageObject","@id":"https:\/\/secure.gravatar.com\/avatar\/b72fc1bf1bf254b4118ef99c1da35a199f5a8e7c33c2166eae92618994df57ea?s=96&d=mm&r=g","url":"https:\/\/secure.gravatar.com\/avatar\/b72fc1bf1bf254b4118ef99c1da35a199f5a8e7c33c2166eae92618994df57ea?s=96&d=mm&r=g","height":96,"width":96}},"publisher":{"@type":"Organization","name":"sras.cz","logo":{"@type":"ImageObject","@id":"\/logo.png","url":"\/logo.png","width":600,"height":60}},"image":{"@type":"ImageObject","@id":"https:\/\/www.sras.cz\/wp-content\/uploads\/teddy-bear-2855982_960_720.jpg","url":"https:\/\/www.sras.cz\/wp-content\/uploads\/teddy-bear-2855982_960_720.jpg","height":0,"width":0},"url":"https:\/\/www.sras.cz\/skola-me-bavi\/","about":["Vzd\u011bl\u00e1n\u00ed"],"wordCount":415,"articleBody":"V\u017edycky jsem moc r\u00e1da \u010detla knihy. A bylo mi asi \u00fapln\u011b jedno, jak\u00e1 je to kniha, hlavn\u011b \u017ee to \u0161lo \u010d\u00edst. Mus\u00edm taky uznat, \u017ee jsem byla ve \u0161kole takov\u00fd premiant, proto\u017ee m\u011b taky bavilo se u\u010dit. Tak\u017ee pro m\u011b nebyl v\u016fbec \u017e\u00e1dn\u00fd probl\u00e9m, kdy\u017e jsem potom \u0161la na st\u0159edn\u00ed \u0161kolu. Oba dva moji sourozenci nem\u011bli to \u0161t\u011bst\u00ed, \u017ee jim u\u010den\u00ed \u0161lo tak lehce, stejn\u011b jako mn\u011b. A moji dva sourozenci \u0161li na u\u010debn\u00ed obor, kde m\u011bli opravdu perfektn\u00ed zn\u00e1mky. J\u00e1 na st\u0159edn\u00ed \u0161kola taky, co\u017e m\u011b\u00a0t\u011b\u0161ilo. Nav\u00edc jsem taky brala vzd\u011bl\u00e1n\u00ed jako opravdu d\u016fle\u017eit\u00e9 a pro m\u011b bylo asi na prvn\u00edm m\u00edst\u011b. Tedy vlastn\u011b ne asi, ale ur\u010dit\u011b, proto\u017ee jsem taky cht\u011bla j\u00edt potom na pr\u00e1vnickou \u0161kolu. A opravdu jsem se sna\u017eila, modlila jsem se, bych se tam dostala, proto\u017ee my v\u0161ichni \u0159\u00edkali, \u017ee dostat se na Pr\u00e1vnickou fakultu je opravdu velice slo\u017eit\u00e9. To bych ale nebyla j\u00e1, bych se na to neu\u010dila. Kdy\u017e jsem dokon\u010dila st\u0159edn\u00ed \u0161kolu a m\u011bla jsem maturitn\u00ed vysv\u011bd\u010den\u00ed, kter\u00e9 mimochodem bylo opravdu perfektn\u00ed, tak jsem m\u00edsto pr\u00e1zdnin si objednala m\u011bs\u00ed\u010dn\u00ed p\u0159\u00edpravn\u00fd kurz na to, abych se dostala na vysokou pr\u00e1vnickou fakultu. A mus\u00edm uznat, \u017ee i ta p\u0159\u00edpravka na vysokou \u0161kolu mi \u0161la opravdu skv\u011ble. A byla jsem skoro tam taky premiant. A kdy jsem potom se dostala na pr\u00e1vnickou \u0161kolu, byla jsem v sedm\u00e9m nebi. Samoz\u0159ejm\u011b, \u017ee jsem vysokou \u0161kolu ud\u011blala a mus\u00edm taky uznat, \u017ee jsem dopadla perfektn\u011b. A byla jsem \u010dtvrt\u00e1 nejlep\u0161\u00ed ze t\u0159\u00eddy, co\u017e m\u011b velice t\u011b\u0161ilo a rodi\u010de na m\u011b byli py\u0161n\u00ed, stejn\u011b tak jako moji sourozenci. Moje sestra si nav\u00edc taky dod\u011blala je\u0161t\u011b n\u00e1stavbu, kam chodila dva roky na podnik\u00e1n\u00ed, aby m\u011bla maturitu. To m\u011b taky opravdu hodn\u011b t\u011b\u0161ilo, tak\u017ee na\u0161e radost byla dvojn\u00e1sobn\u00e1 a mus\u00edm uznat, \u017ee u\u010den\u00ed a vzd\u011bl\u00e1v\u00e1n\u00ed je pro n\u00e1s v rodin\u011b opravdu hodn\u011b d\u016fle\u017eit\u00e9. Jsou ale taky lid\u00e9, kter\u00fdm nejde v\u016fbec o\u00a0vzd\u011bl\u00e1n\u00ed,\u00a0ale\u00a0cht\u011bj\u00ed si ud\u011blat\u00a0rychle jenom\u00a0v\u00fdu\u010dn\u00ed obor, aby n\u011bco m\u011bli, aby m\u011bli\u00a0alespo\u0148\u00a0u\u010debn\u00ed obor.\u00a0                                                                                                                                                                                                                                                                                                                                                                                                "},{"@context":"https:\/\/schema.org\/","@type":"BreadcrumbList","itemListElement":[{"@type":"ListItem","position":1,"name":"\u0160kola m\u011b bav\u00ed","item":"https:\/\/www.sras.cz\/skola-me-bavi\/#breadcrumbitem"}]}]