[{"@context":"https:\/\/schema.org\/","@type":"Article","@id":"https:\/\/www.sras.cz\/prakticke-skrine-na-miru\/#Article","mainEntityOfPage":"https:\/\/www.sras.cz\/prakticke-skrine-na-miru\/","headline":"Praktick\u00e9 sk\u0159\u00edn\u011b na m\u00edru","name":"Praktick\u00e9 sk\u0159\u00edn\u011b na m\u00edru","description":"Pokud se tak\u00e9 chyst\u00e1te stav\u011bt n\u011bco kr\u00e1sn\u00e9ho, t\u0159eba u v\u00e1s v interi\u00e9ru nebo stav\u00edte \u00fapln\u011b nov\u00fd d\u016fm, tak doporu\u010duji, abyste si t\u0159eba tak\u00e9 nechali ud\u011blat kr\u00e1sn\u00e9 vestav\u011bn\u00e9 sk\u0159\u00edn\u011b. Takov\u00e9 vestav\u011bn\u00e9 sk\u0159\u00edn\u011b, kter\u00e9 jsou na m\u00edru. J\u00e1 v\u00edm, \u017ee mnoho lid\u00ed t\u0159eba \u0159\u00edk\u00e1, \u017ee vestav\u011bn\u00e9 sk\u0159\u00edn\u011b na m\u00edru jsou drah\u00e9 a \u017ee n\u011bkdo toho v\u016fbec nechce. [&hellip;]","datePublished":"2025-12-19","dateModified":"2025-12-19","author":{"@type":"Person","@id":"https:\/\/www.sras.cz\/author\/#Person","name":"sras.cz","url":"https:\/\/www.sras.cz\/author\/","identifier":1,"image":{"@type":"ImageObject","@id":"https:\/\/secure.gravatar.com\/avatar\/b72fc1bf1bf254b4118ef99c1da35a199f5a8e7c33c2166eae92618994df57ea?s=96&d=mm&r=g","url":"https:\/\/secure.gravatar.com\/avatar\/b72fc1bf1bf254b4118ef99c1da35a199f5a8e7c33c2166eae92618994df57ea?s=96&d=mm&r=g","height":96,"width":96}},"publisher":{"@type":"Organization","name":"sras.cz","logo":{"@type":"ImageObject","@id":"\/logo.png","url":"\/logo.png","width":600,"height":60}},"image":{"@type":"ImageObject","@id":"https:\/\/www.sras.cz\/wp-content\/uploads\/towels-923505_640_10_10_4.jpg","url":"https:\/\/www.sras.cz\/wp-content\/uploads\/towels-923505_640_10_10_4.jpg","height":0,"width":0},"url":"https:\/\/www.sras.cz\/prakticke-skrine-na-miru\/","about":["Produkty"],"wordCount":456,"articleBody":"      Pokud se tak\u00e9 chyst\u00e1te stav\u011bt n\u011bco kr\u00e1sn\u00e9ho, t\u0159eba u v\u00e1s v interi\u00e9ru nebo stav\u00edte \u00fapln\u011b nov\u00fd d\u016fm, tak doporu\u010duji, abyste si t\u0159eba tak\u00e9 nechali ud\u011blat kr\u00e1sn\u00e9 vestav\u011bn\u00e9 sk\u0159\u00edn\u011b. Takov\u00e9 vestav\u011bn\u00e9 sk\u0159\u00edn\u011b, kter\u00e9 jsou na m\u00edru. J\u00e1 v\u00edm, \u017ee mnoho lid\u00ed t\u0159eba \u0159\u00edk\u00e1, \u017ee vestav\u011bn\u00e9 sk\u0159\u00edn\u011b na m\u00edru jsou drah\u00e9 a \u017ee n\u011bkdo toho v\u016fbec nechce. Jenom\u017ee kdy\u017e pop\u0159em\u00fd\u0161l\u00edte, tak nakonec zjist\u00edte, \u017ee vestav\u011bn\u00e9 sk\u0159\u00edn\u011b na m\u00edru jsou opravdu kvalitn\u00ed a opravdu se budou hodit kamkoli. To znamen\u00e1, \u017ee kdy\u017e sk\u0159\u00edn\u011b budete m\u00edt na m\u00edru a budu opravdu hodn\u011b kvalitn\u00ed a z kvalitn\u00edho materi\u00e1lu, tak se potom nemus\u00edte b\u00e1t, \u017ee by v\u00e1m n\u011bkde n\u011bco p\u0159e\u010duhovalo nebo aby n\u011bkde byla n\u011bjak\u00e1 mezera. N\u011bkomu se to v\u016fbec nel\u00edb\u00ed a n\u011bkdo chce m\u00edt opravdu v\u0161echno p\u0159esn\u011b ud\u011blan\u00e9.A to je pr\u00e1v\u011b sk\u0159\u00ed\u0148 na m\u00edru. M\u016f\u017eete si vybrat i sk\u0159\u00ed\u0148 na m\u00edru z r\u016fzn\u00e9ho materi\u00e1lu, nap\u0159\u00edklad bukovou nebo dubovou a nebo i z b\u0159\u00edzy. Tady samoz\u0159ejm\u011b u\u017e z\u00e1le\u017e\u00ed na v\u00e1s, \u010demu d\u00e1te p\u0159ednost nebo co se v\u00e1m bude nejv\u00edce l\u00edbit. Tak\u00e9 hlavn\u011b mus\u00edte db\u00e1t na to, aby ten materi\u00e1l byl velice kvalitn\u00ed, aby ty sk\u0159\u00edn\u011b na m\u00edru opravdu kr\u00e1sn\u011b sed\u011bly, aby to v\u0161echno vypadalo stylov\u011b. Opravdu nem\u00e1 smysl, abyste si tohle po\u0159izovali nap\u0159\u00edklad z d\u0159evot\u0159\u00edsky a podobn\u011b. My jsme m\u011bli n\u00e1bytek z d\u0159evot\u0159\u00edsky a potom jsme toho litovali, proto\u017ee se toho za p\u00e1r m\u011bs\u00edc\u016f cel\u00e9 t\u00e9m\u011b\u0159 rozpadlo.Tak\u017ee jsme si \u0159ekli s p\u0159\u00edtelem, \u017ee si rad\u011bji takhle na zak\u00e1zku nech\u00e1me ud\u011blat opravdu kvalitn\u00ed sk\u0159\u00edn\u011b na m\u00edru. A to do lo\u017enice i do ob\u00fdvac\u00edho pokoje. A proto\u017ee za chv\u00edli budu rodit a budeme m\u00edt d\u00edt\u011b, tak jsme si \u0159ekli, \u017ee i do d\u011btsk\u00e9ho pokoje d\u00e1me kvalitn\u00ed sk\u0159\u00edn\u011b na m\u00edru. A vestav\u011bn\u00e9 sk\u0159\u00edn\u011b na chodbu se hod\u00ed v\u017edycky, proto\u017ee jsou velice praktick\u00e9 a podle m\u00e9ho n\u00e1zoru je uv\u00edt\u00e1 ka\u017ed\u00fd. Pokud i vy chcete vestav\u011bn\u00e9 sk\u0159\u00edn\u011b na m\u00edru, tak rozhodn\u011b nev\u00e1hejte. Vestav\u011bn\u00e9 sk\u0159\u00edn\u011b se hod\u00ed opravdu do ka\u017ed\u00e9ho interi\u00e9ru, jak do bytu, tak tak\u00e9 do domu, proto\u017ee u\u0161et\u0159\u00ed spoustu m\u00edsta.                                                                                                                                                                                                                                                                                                                                                                                                   "},{"@context":"https:\/\/schema.org\/","@type":"BreadcrumbList","itemListElement":[{"@type":"ListItem","position":1,"name":"Praktick\u00e9 sk\u0159\u00edn\u011b na m\u00edru","item":"https:\/\/www.sras.cz\/prakticke-skrine-na-miru\/#breadcrumbitem"}]}]