[{"@context":"https:\/\/schema.org\/","@type":"Blog","@id":"https:\/\/www.sras.cz#Blog","headline":"Sras","description":"\nChcete m\u00edt honosn\u00fd d\u016fm a p\u0159itom ho po\u0159\u00eddit levn\u011b? Chcete bydlet tu i onde a nechcete se st\u011bhovat? Na na\u0161\u00ed str\u00e1nce pro v\u00e1s m\u00e1me vysloven\u011b skv\u011bl\u00fd tip.","url":"https:\/\/www.sras.cz","hasPart":[{"@type":"Article","@id":"https:\/\/www.sras.cz\/betonovy-nebo-dreveny-plot\/","headline":"Betonov\u00fd nebo d\u0159ev\u011bn\u00fd plot","url":"https:\/\/www.sras.cz\/betonovy-nebo-dreveny-plot\/","datePublished":"2024-01-16","dateModified":"2024-02-18","mainEntityOfPage":"https:\/\/www.sras.cz\/betonovy-nebo-dreveny-plot\/","author":{"@type":"Person","@id":"https:\/\/www.sras.cz\/author\/#Person","name":"sras.cz","url":"https:\/\/www.sras.cz\/author\/","identifier":1,"image":{"@type":"ImageObject","@id":"https:\/\/secure.gravatar.com\/avatar\/b72fc1bf1bf254b4118ef99c1da35a199f5a8e7c33c2166eae92618994df57ea?s=96&d=mm&r=g","url":"https:\/\/secure.gravatar.com\/avatar\/b72fc1bf1bf254b4118ef99c1da35a199f5a8e7c33c2166eae92618994df57ea?s=96&d=mm&r=g","height":96,"width":96}},"publisher":{"@type":"Organization","name":"sras.cz","logo":{"@type":"ImageObject","@id":"\/logo.png","url":"\/logo.png","width":600,"height":60}},"image":{"@type":"ImageObject","@id":"https:\/\/www.sras.cz\/wp-content\/uploads\/house-2729079_1280_3.jpg","url":"https:\/\/www.sras.cz\/wp-content\/uploads\/house-2729079_1280_3.jpg","height":0,"width":0},"wordCount":578,"keywords":null},{"@type":"Article","@id":"https:\/\/www.sras.cz\/ziskejte-predstavu-o-cene\/","headline":"Z\u00edskejte p\u0159edstavu o cen\u011b","url":"https:\/\/www.sras.cz\/ziskejte-predstavu-o-cene\/","datePublished":"2024-01-07","dateModified":"2024-01-07","mainEntityOfPage":"https:\/\/www.sras.cz\/ziskejte-predstavu-o-cene\/","author":{"@type":"Person","@id":"https:\/\/www.sras.cz\/author\/#Person","name":"sras.cz","url":"https:\/\/www.sras.cz\/author\/","identifier":1,"image":{"@type":"ImageObject","@id":"https:\/\/secure.gravatar.com\/avatar\/b72fc1bf1bf254b4118ef99c1da35a199f5a8e7c33c2166eae92618994df57ea?s=96&d=mm&r=g","url":"https:\/\/secure.gravatar.com\/avatar\/b72fc1bf1bf254b4118ef99c1da35a199f5a8e7c33c2166eae92618994df57ea?s=96&d=mm&r=g","height":96,"width":96}},"publisher":{"@type":"Organization","name":"sras.cz","logo":{"@type":"ImageObject","@id":"\/logo.png","url":"\/logo.png","width":600,"height":60}},"image":null,"wordCount":271,"keywords":null},{"@type":"Article","@id":"https:\/\/www.sras.cz\/osobni-automobil\/","headline":"Osobn\u00ed automobil","url":"https:\/\/www.sras.cz\/osobni-automobil\/","datePublished":"2023-12-26","dateModified":"2024-03-15","mainEntityOfPage":"https:\/\/www.sras.cz\/osobni-automobil\/","author":{"@type":"Person","@id":"https:\/\/www.sras.cz\/author\/#Person","name":"sras.cz","url":"https:\/\/www.sras.cz\/author\/","identifier":1,"image":{"@type":"ImageObject","@id":"https:\/\/secure.gravatar.com\/avatar\/b72fc1bf1bf254b4118ef99c1da35a199f5a8e7c33c2166eae92618994df57ea?s=96&d=mm&r=g","url":"https:\/\/secure.gravatar.com\/avatar\/b72fc1bf1bf254b4118ef99c1da35a199f5a8e7c33c2166eae92618994df57ea?s=96&d=mm&r=g","height":96,"width":96}},"publisher":{"@type":"Organization","name":"sras.cz","logo":{"@type":"ImageObject","@id":"\/logo.png","url":"\/logo.png","width":600,"height":60}},"image":{"@type":"ImageObject","@id":"https:\/\/www.sras.cz\/wp-content\/uploads\/mercedes-benz-841465_1280.jpg","url":"https:\/\/www.sras.cz\/wp-content\/uploads\/mercedes-benz-841465_1280.jpg","height":0,"width":0},"wordCount":561,"keywords":null},{"@type":"Article","@id":"https:\/\/www.sras.cz\/firmy-nemohou-byt-bez-sidla\/","headline":"Firmy nemohou b\u00fdt bez s\u00eddla","url":"https:\/\/www.sras.cz\/firmy-nemohou-byt-bez-sidla\/","datePublished":"2023-12-17","dateModified":"2023-12-17","mainEntityOfPage":"https:\/\/www.sras.cz\/firmy-nemohou-byt-bez-sidla\/","author":{"@type":"Person","@id":"https:\/\/www.sras.cz\/author\/#Person","name":"sras.cz","url":"https:\/\/www.sras.cz\/author\/","identifier":1,"image":{"@type":"ImageObject","@id":"https:\/\/secure.gravatar.com\/avatar\/b72fc1bf1bf254b4118ef99c1da35a199f5a8e7c33c2166eae92618994df57ea?s=96&d=mm&r=g","url":"https:\/\/secure.gravatar.com\/avatar\/b72fc1bf1bf254b4118ef99c1da35a199f5a8e7c33c2166eae92618994df57ea?s=96&d=mm&r=g","height":96,"width":96}},"publisher":{"@type":"Organization","name":"sras.cz","logo":{"@type":"ImageObject","@id":"\/logo.png","url":"\/logo.png","width":600,"height":60}},"image":{"@type":"ImageObject","@id":"https:\/\/www.sras.cz\/wp-content\/uploads\/ssssss_10_6.jpg","url":"https:\/\/www.sras.cz\/wp-content\/uploads\/ssssss_10_6.jpg","height":0,"width":0},"wordCount":606,"keywords":null},{"@type":"Article","@id":"https:\/\/www.sras.cz\/sex-je-prijemna-cinnost\/","headline":"Sex je p\u0159\u00edjemn\u00e1 \u010dinnost","url":"https:\/\/www.sras.cz\/sex-je-prijemna-cinnost\/","datePublished":"2023-12-15","dateModified":"2024-05-28","mainEntityOfPage":"https:\/\/www.sras.cz\/sex-je-prijemna-cinnost\/","author":{"@type":"Person","@id":"https:\/\/www.sras.cz\/author\/#Person","name":"sras.cz","url":"https:\/\/www.sras.cz\/author\/","identifier":1,"image":{"@type":"ImageObject","@id":"https:\/\/secure.gravatar.com\/avatar\/b72fc1bf1bf254b4118ef99c1da35a199f5a8e7c33c2166eae92618994df57ea?s=96&d=mm&r=g","url":"https:\/\/secure.gravatar.com\/avatar\/b72fc1bf1bf254b4118ef99c1da35a199f5a8e7c33c2166eae92618994df57ea?s=96&d=mm&r=g","height":96,"width":96}},"publisher":{"@type":"Organization","name":"sras.cz","logo":{"@type":"ImageObject","@id":"\/logo.png","url":"\/logo.png","width":600,"height":60}},"image":{"@type":"ImageObject","@id":"https:\/\/www.sras.cz\/wp-content\/uploads\/eeeeeeeeeeeeeeeeeeeeeeeeeeeeeeeeeeeeee_4.jpg","url":"https:\/\/www.sras.cz\/wp-content\/uploads\/eeeeeeeeeeeeeeeeeeeeeeeeeeeeeeeeeeeeee_4.jpg","height":0,"width":0},"wordCount":627,"keywords":null},{"@type":"Article","@id":"https:\/\/www.sras.cz\/na-vodackou-vypravu-s-menstruacnimi-kalhotkami\/","headline":"Na vod\u00e1ckou v\u00fdpravu s menstrua\u010dn\u00edmi kalhotkami","url":"https:\/\/www.sras.cz\/na-vodackou-vypravu-s-menstruacnimi-kalhotkami\/","datePublished":"2023-11-28","dateModified":"2024-01-17","mainEntityOfPage":"https:\/\/www.sras.cz\/na-vodackou-vypravu-s-menstruacnimi-kalhotkami\/","author":{"@type":"Person","@id":"https:\/\/www.sras.cz\/author\/#Person","name":"sras.cz","url":"https:\/\/www.sras.cz\/author\/","identifier":1,"image":{"@type":"ImageObject","@id":"https:\/\/secure.gravatar.com\/avatar\/b72fc1bf1bf254b4118ef99c1da35a199f5a8e7c33c2166eae92618994df57ea?s=96&d=mm&r=g","url":"https:\/\/secure.gravatar.com\/avatar\/b72fc1bf1bf254b4118ef99c1da35a199f5a8e7c33c2166eae92618994df57ea?s=96&d=mm&r=g","height":96,"width":96}},"publisher":{"@type":"Organization","name":"sras.cz","logo":{"@type":"ImageObject","@id":"\/logo.png","url":"\/logo.png","width":600,"height":60}},"image":{"@type":"ImageObject","@id":"https:\/\/www.sras.cz\/wp-content\/uploads\/bikini-1850726_640.jpg","url":"https:\/\/www.sras.cz\/wp-content\/uploads\/bikini-1850726_640.jpg","height":0,"width":0},"wordCount":520,"keywords":null},{"@type":"Article","@id":"https:\/\/www.sras.cz\/oznamte-sve-rozhodnuti-stylove\/","headline":"Oznamte sv\u00e9 rozhodnut\u00ed stylov\u011b","url":"https:\/\/www.sras.cz\/oznamte-sve-rozhodnuti-stylove\/","datePublished":"2023-11-27","dateModified":"2023-11-27","mainEntityOfPage":"https:\/\/www.sras.cz\/oznamte-sve-rozhodnuti-stylove\/","author":{"@type":"Person","@id":"https:\/\/www.sras.cz\/author\/#Person","name":"sras.cz","url":"https:\/\/www.sras.cz\/author\/","identifier":1,"image":{"@type":"ImageObject","@id":"https:\/\/secure.gravatar.com\/avatar\/b72fc1bf1bf254b4118ef99c1da35a199f5a8e7c33c2166eae92618994df57ea?s=96&d=mm&r=g","url":"https:\/\/secure.gravatar.com\/avatar\/b72fc1bf1bf254b4118ef99c1da35a199f5a8e7c33c2166eae92618994df57ea?s=96&d=mm&r=g","height":96,"width":96}},"publisher":{"@type":"Organization","name":"sras.cz","logo":{"@type":"ImageObject","@id":"\/logo.png","url":"\/logo.png","width":600,"height":60}},"image":null,"wordCount":274,"keywords":null},{"@type":"Article","@id":"https:\/\/www.sras.cz\/vyberte-si-novou-mycku-aeg\/","headline":"Vyberte si novou my\u010dku aeg","url":"https:\/\/www.sras.cz\/vyberte-si-novou-mycku-aeg\/","datePublished":"2023-10-22","dateModified":"2023-10-22","mainEntityOfPage":"https:\/\/www.sras.cz\/vyberte-si-novou-mycku-aeg\/","author":{"@type":"Person","@id":"https:\/\/www.sras.cz\/author\/#Person","name":"sras.cz","url":"https:\/\/www.sras.cz\/author\/","identifier":1,"image":{"@type":"ImageObject","@id":"https:\/\/secure.gravatar.com\/avatar\/b72fc1bf1bf254b4118ef99c1da35a199f5a8e7c33c2166eae92618994df57ea?s=96&d=mm&r=g","url":"https:\/\/secure.gravatar.com\/avatar\/b72fc1bf1bf254b4118ef99c1da35a199f5a8e7c33c2166eae92618994df57ea?s=96&d=mm&r=g","height":96,"width":96}},"publisher":{"@type":"Organization","name":"sras.cz","logo":{"@type":"ImageObject","@id":"\/logo.png","url":"\/logo.png","width":600,"height":60}},"image":null,"wordCount":313,"keywords":null},{"@type":"Article","@id":"https:\/\/www.sras.cz\/caj-se-sladkou-chuti\/","headline":"\u010caj se sladkou chut\u00ed","url":"https:\/\/www.sras.cz\/caj-se-sladkou-chuti\/","datePublished":"2023-09-14","dateModified":"2023-09-14","mainEntityOfPage":"https:\/\/www.sras.cz\/caj-se-sladkou-chuti\/","author":{"@type":"Person","@id":"https:\/\/www.sras.cz\/author\/#Person","name":"sras.cz","url":"https:\/\/www.sras.cz\/author\/","identifier":1,"image":{"@type":"ImageObject","@id":"https:\/\/secure.gravatar.com\/avatar\/b72fc1bf1bf254b4118ef99c1da35a199f5a8e7c33c2166eae92618994df57ea?s=96&d=mm&r=g","url":"https:\/\/secure.gravatar.com\/avatar\/b72fc1bf1bf254b4118ef99c1da35a199f5a8e7c33c2166eae92618994df57ea?s=96&d=mm&r=g","height":96,"width":96}},"publisher":{"@type":"Organization","name":"sras.cz","logo":{"@type":"ImageObject","@id":"\/logo.png","url":"\/logo.png","width":600,"height":60}},"image":null,"wordCount":283,"keywords":null},{"@type":"Article","@id":"https:\/\/www.sras.cz\/produkty-na-leto-i-zimu\/","headline":"Produkty na l\u00e9to i zimu","url":"https:\/\/www.sras.cz\/produkty-na-leto-i-zimu\/","datePublished":"2023-08-09","dateModified":"2023-08-09","mainEntityOfPage":"https:\/\/www.sras.cz\/produkty-na-leto-i-zimu\/","author":{"@type":"Person","@id":"https:\/\/www.sras.cz\/author\/#Person","name":"sras.cz","url":"https:\/\/www.sras.cz\/author\/","identifier":1,"image":{"@type":"ImageObject","@id":"https:\/\/secure.gravatar.com\/avatar\/b72fc1bf1bf254b4118ef99c1da35a199f5a8e7c33c2166eae92618994df57ea?s=96&d=mm&r=g","url":"https:\/\/secure.gravatar.com\/avatar\/b72fc1bf1bf254b4118ef99c1da35a199f5a8e7c33c2166eae92618994df57ea?s=96&d=mm&r=g","height":96,"width":96}},"publisher":{"@type":"Organization","name":"sras.cz","logo":{"@type":"ImageObject","@id":"\/logo.png","url":"\/logo.png","width":600,"height":60}},"image":null,"wordCount":284,"keywords":null}]},{"@context":"https:\/\/schema.org","@type":"WebSite","@id":"https:\/\/www.sras.cz\/#website","name":"Sras","url":"https:\/\/www.sras.cz","potentialAction":{"@type":"SearchAction","target":"https:\/\/www.sras.cz\/?s={search_term_string}","query-input":"required name=search_term_string"}}]