[{"@context":"https:\/\/schema.org\/","@type":"Article","@id":"https:\/\/www.sras.cz\/obleceni-na-zimu\/#Article","mainEntityOfPage":"https:\/\/www.sras.cz\/obleceni-na-zimu\/","headline":"Oble\u010den\u00ed na zimu","name":"Oble\u010den\u00ed na zimu","description":"I u n\u00e1s b\u00fdvaj\u00ed v zim\u011b teploty dost pod nulou, kdy je zapot\u0159eb\u00ed se dob\u0159e obl\u00e9ct, abychom mohli t\u0159eba sportovat, ale za p\u00e1r dn\u00ed z toho nebyli nemocn\u00ed. Oble\u010den\u00ed na zimu N\u011bkolik vrstev Obl\u00e9ct se spr\u00e1vn\u011b do mraz\u016f neznamen\u00e1 koupit si co nejteplej\u0161\u00ed oble\u010den\u00ed, proto\u017ee potom bychom se mohli zpotit, kv\u016fli \u010demu\u017e n\u00e1m bude n\u00e1sledn\u011b [&hellip;]","datePublished":"2021-06-09","dateModified":"2023-05-05","author":{"@type":"Person","@id":"https:\/\/www.sras.cz\/author\/#Person","name":"sras.cz","url":"https:\/\/www.sras.cz\/author\/","identifier":1,"image":{"@type":"ImageObject","@id":"https:\/\/secure.gravatar.com\/avatar\/b72fc1bf1bf254b4118ef99c1da35a199f5a8e7c33c2166eae92618994df57ea?s=96&d=mm&r=g","url":"https:\/\/secure.gravatar.com\/avatar\/b72fc1bf1bf254b4118ef99c1da35a199f5a8e7c33c2166eae92618994df57ea?s=96&d=mm&r=g","height":96,"width":96}},"publisher":{"@type":"Organization","name":"sras.cz","logo":{"@type":"ImageObject","@id":"\/logo.png","url":"\/logo.png","width":600,"height":60}},"image":{"@type":"ImageObject","@id":"https:\/\/www.sras.cz\/wp-content\/uploads\/zimn%C3%AD%20oble%C4%8Den%C3%AD.jpg","url":"https:\/\/www.sras.cz\/wp-content\/uploads\/zimn%C3%AD%20oble%C4%8Den%C3%AD.jpg","height":0,"width":0},"url":"https:\/\/www.sras.cz\/obleceni-na-zimu\/","about":["Produkty"],"wordCount":471,"articleBody":"        I u n\u00e1s b\u00fdvaj\u00ed v zim\u011b teploty dost pod nulou, kdy je zapot\u0159eb\u00ed se dob\u0159e obl\u00e9ct, abychom mohli t\u0159eba sportovat, ale za p\u00e1r dn\u00ed z toho nebyli nemocn\u00ed.Oble\u010den\u00ed na zimuN\u011bkolik vrstevObl\u00e9ct se spr\u00e1vn\u011b do mraz\u016f neznamen\u00e1 koupit si co nejteplej\u0161\u00ed oble\u010den\u00ed, proto\u017ee potom bychom se mohli zpotit, kv\u016fli \u010demu\u017e n\u00e1m bude n\u00e1sledn\u011b je\u0161t\u011b mnohem v\u011bt\u0161\u00ed zima. Tak\u017ee v\u00fdb\u011br mus\u00edme dob\u0159e zv\u00e1\u017eit, aby n\u00e1m v\u0161e vyhovovalo a bylo n\u00e1m p\u0159\u00edjemn\u011b. N\u00e1kup \u0159e\u0161te u\u017e na podzim, proto\u017ee v tomto obdob\u00ed u\u017e maj\u00ed obchody zimn\u00ed sortiment a my nebudeme muset nic slo\u017eit\u011b sh\u00e1n\u011bt na posledn\u00ed chv\u00edli. Prvn\u00ed vrstvou je tri\u010dko s dlouh\u00fdm ruk\u00e1vem, kdy se hod\u00ed funk\u010dn\u00ed pr\u00e1dlo, aby odvedlo pot, ale z\u00e1rove\u0148 dob\u0159e zah\u0159\u00e1lo.D\u00e1le se p\u0159esuneme na v\u00fdb\u011br mikiny, p\u0159i\u010dem\u017e v n\u00ed jsme v\u011bt\u0161inou i v interi\u00e9ru, kdy\u017e n\u011bkam p\u0159ijdeme, tak\u017ee se hod\u00ed m\u00edt rozep\u00edn\u00e1n\u00ed, aby n\u00e1m nebyla zima ani teplo. Posledn\u00ed vrstvou je bunda, kter\u00e1 nesm\u00ed propustit vodu ze sn\u011b\u017een\u00ed a po\u0159\u00e1dn\u011b zah\u0159\u00e1t i v m\u00ednusov\u00fdch teplot\u00e1ch. D\u00e1le mus\u00edme m\u00edt tepl\u00e9 kalhoty, zimn\u00ed boty, rukavice a \u010depici. Je to dost v\u011bc\u00ed, ale rozhodn\u011b se je vyplat\u00ed m\u00edt po ruce ve sv\u00e9m \u0161atn\u00edku.Funk\u010dn\u00ed bundaZ\u00e1kladn\u00ed vlastnost\u00ed by m\u011bla b\u00fdt nepromokavost, proto\u017ee kdy\u017e po sn\u011b\u017een\u00ed bunda promokne, tak v mrazu n\u00e1m bude skute\u010dn\u011b zima. Pro b\u011b\u017en\u00e9 no\u0161en\u00ed sta\u010d\u00ed i b\u011b\u017en\u00fd vodn\u00ed sloupec, ov\u0161em na hor\u00e1ch p\u0159i ly\u017eov\u00e1n\u00ed je pot\u0159eba je\u0161t\u011b mnohem v\u011bt\u0161\u00ed, a to klidn\u011b a\u017e 10 000 mm. Z\u00e1rove\u0148 v\u0161ak mus\u00edme sledovat i prody\u0161nost, aby d\u00fdchala a nezapa\u0159ovala se. Pokud vyb\u00edr\u00e1te tak\u00e9 podle tlou\u0161\u0165ky s \u0159eknete si, \u017ee tlust\u0161\u00ed bude teplej\u0161\u00ed, tak \u010dasto m\u016f\u017eete b\u00fdt na velk\u00e9m omylu. V\u00fdrobci toti\u017e m\u016f\u017eou zvolit v\u00edce vrstev, kter\u00e9 ve fin\u00e1le zah\u0159ej\u00ed v\u00edce ne\u017e tlust\u0161\u00ed bunda s m\u00e9n\u011b vrstvami, na co\u017e mus\u00edme d\u00e1vat pozor. S Craft bundou m\u016f\u017eete vyrazit klidn\u011b do nep\u0159\u00edzniv\u00e9ho zimn\u00edho po\u010das\u00ed a m\u00e1te jistotu, \u017ee se nebudete klepat zimou. Tento v\u00fdrobce vyr\u00e1b\u00ed zna\u010dkov\u00e9 oble\u010den\u00ed vhodn\u00e9 pro sport, a proto si m\u016f\u017eete b\u00fdt jisti kvalitou zpracov\u00e1n\u00ed. Ceny nejsou nejni\u017e\u0161\u00ed, ale tohle oble\u010den\u00ed skute\u010dn\u011b zah\u0159eje a p\u0159\u00edjemn\u011b se nos\u00ed i p\u0159i pohybu, tak\u017ee to m\u016f\u017ee b\u00fdt s\u00e1zka na jistotu.                                                                                                                                                                                                                                                                                                                                                                                                  "},{"@context":"https:\/\/schema.org\/","@type":"BreadcrumbList","itemListElement":[{"@type":"ListItem","position":1,"name":"Oble\u010den\u00ed na zimu","item":"https:\/\/www.sras.cz\/obleceni-na-zimu\/#breadcrumbitem"}]}]