[{"@context":"https:\/\/schema.org\/","@type":"Article","@id":"https:\/\/www.sras.cz\/nejen-co-se-deje-ale-proc-se-to-deje\/#Article","mainEntityOfPage":"https:\/\/www.sras.cz\/nejen-co-se-deje-ale-proc-se-to-deje\/","headline":"Nejen co se d\u011bje, ale pro\u010d se to d\u011bje","name":"Nejen co se d\u011bje, ale pro\u010d se to d\u011bje","description":"Dne\u0161n\u00ed doba nab\u00edz\u00ed nekone\u010dn\u00fd proud zpr\u00e1v. N\u011bkdy ale chyb\u00ed to nejd\u016fle\u017eit\u011bj\u0161\u00ed a to je kontext. Pr\u00e1v\u011b proto vznikl prostor, kter\u00fd p\u0159in\u00e1\u0161\u00ed srozumiteln\u00fd pohled na ud\u00e1losti doma i ve sv\u011bt\u011b. Krom\u011b samotn\u00fdch fakt\u016f tady najdete i souvislosti, anal\u00fdzy a p\u0159em\u00fd\u0161liv\u00fd p\u0159\u00edstup ke v\u0161emu podstatn\u00e9mu, co se kolem n\u00e1s odehr\u00e1v\u00e1. Zpravodajstv\u00ed a koment\u00e1\u0159e jsou zde p\u0159ipraveny pr\u00e1v\u011b [&hellip;]","datePublished":"2025-07-11","dateModified":"2025-07-11","author":{"@type":"Person","@id":"https:\/\/www.sras.cz\/author\/#Person","name":"sras.cz","url":"https:\/\/www.sras.cz\/author\/","identifier":1,"image":{"@type":"ImageObject","@id":"https:\/\/secure.gravatar.com\/avatar\/b72fc1bf1bf254b4118ef99c1da35a199f5a8e7c33c2166eae92618994df57ea?s=96&d=mm&r=g","url":"https:\/\/secure.gravatar.com\/avatar\/b72fc1bf1bf254b4118ef99c1da35a199f5a8e7c33c2166eae92618994df57ea?s=96&d=mm&r=g","height":96,"width":96}},"publisher":{"@type":"Organization","name":"sras.cz","logo":{"@type":"ImageObject","@id":"\/logo.png","url":"\/logo.png","width":600,"height":60}},"url":"https:\/\/www.sras.cz\/nejen-co-se-deje-ale-proc-se-to-deje\/","wordCount":245,"articleBody":"        Dne\u0161n\u00ed doba nab\u00edz\u00ed nekone\u010dn\u00fd proud zpr\u00e1v. N\u011bkdy ale chyb\u00ed to nejd\u016fle\u017eit\u011bj\u0161\u00ed a to je kontext. Pr\u00e1v\u011b proto vznikl prostor, kter\u00fd p\u0159in\u00e1\u0161\u00ed srozumiteln\u00fd pohled na ud\u00e1losti doma i ve sv\u011bt\u011b. Krom\u011b samotn\u00fdch fakt\u016f tady najdete i souvislosti, anal\u00fdzy a p\u0159em\u00fd\u0161liv\u00fd p\u0159\u00edstup ke v\u0161emu podstatn\u00e9mu, co se kolem n\u00e1s odehr\u00e1v\u00e1. Zpravodajstv\u00ed a koment\u00e1\u0159e jsou zde p\u0159ipraveny pr\u00e1v\u011b pro v\u00e1s a na m\u00edru. P\u011bt oblast\u00ed, kter\u00e9 maj\u00ed smysl Dom\u00e1c\u00ed d\u011bn\u00ed \u2013 z\u00e1kony, zm\u011bny, politika i ka\u017edodenn\u00ed probl\u00e9my b\u011b\u017en\u00fdch lid\u00ed. Zahrani\u010d\u00ed \u2013 pohyby ve sv\u011btov\u00e9 politice, konflikty i nad\u011bjn\u00e9 zm\u011bny. Ekonomika \u2013 ceny, trh, energie i rozpo\u010dty, kter\u00e9 ovliv\u0148uj\u00ed na\u0161e pen\u011b\u017eenky. Spole\u010dnost a kultura \u2013 hodnoty, vzd\u011bl\u00e1v\u00e1n\u00ed, \u017eivotn\u00ed styl, rodina Technologie a inovace \u2013 nejen novinky, ale i to, jak technologie m\u011bn\u00ed sv\u011bt. Texty nejsou psan\u00e9 s c\u00edlem vyvolat paniku ani okam\u017eitou reakci. Sm\u011b\u0159uj\u00ed sp\u00ed\u0161 k porozum\u011bn\u00ed a vlastn\u00edmu \u00fasudku. O ka\u017ed\u00e9m t\u00e9matu p\u0159em\u00fd\u0161l\u00edme jako o sou\u010d\u00e1sti v\u011bt\u0161\u00ed mozaiky. Proto tu nenajdete jen to, co se stalo. Koment\u00e1\u0159e dopl\u0148uj\u00ed pohled z nadhledu a bez zbyte\u010dn\u00e9 ideologie, zato s respektem k odli\u0161n\u00fdm postoj\u016fm. Vyzkou\u0161ejte si n\u00e1s a nebudete litovat, ka\u017ed\u00fd den v\u00e1s \u010dekaj\u00ed novinky.                                                                                                                                                                                                                                                                                                                                                                                                  "},{"@context":"https:\/\/schema.org\/","@type":"BreadcrumbList","itemListElement":[{"@type":"ListItem","position":1,"name":"Nejen co se d\u011bje, ale pro\u010d se to d\u011bje","item":"https:\/\/www.sras.cz\/nejen-co-se-deje-ale-proc-se-to-deje\/#breadcrumbitem"}]}]