[{"@context":"https:\/\/schema.org\/","@type":"Article","@id":"https:\/\/www.sras.cz\/dvirka-z-kvalitnich-materialu\/#Article","mainEntityOfPage":"https:\/\/www.sras.cz\/dvirka-z-kvalitnich-materialu\/","headline":"Dv\u00ed\u0159ka z kvalitn\u00edch materi\u00e1l\u016f","name":"Dv\u00ed\u0159ka z kvalitn\u00edch materi\u00e1l\u016f","description":"Va\u0161e kuchy\u0148sk\u00e1 linka vyhovuje po\u017eadovan\u00fdm parametr\u016fm, ale je ji\u017e okoukan\u00e1. P\u0159em\u00fd\u0161l\u00edte, \u017ee ji nat\u0159ete vybranou barvou \/l\u00edb\u00ed se v\u00e1m \u010derven\u00e1?\/ nebo otapetujete samolep\u00edc\u00ed tapetou? Zadr\u017ete. Sly\u0161eli jste o tom, \u017ee existuj\u00ed nejr\u016fzn\u011bj\u0161\u00ed nov\u00e1 dv\u00ed\u0159ka ke kuchy\u0148sk\u00fdm link\u00e1m? Tak\u017ee pro z\u00e1jemce p\u00e1r informac\u00ed: dle va\u0161eho v\u00fdb\u011bru materi\u00e1lu, barevnosti, vzoru, lesku \u010di matu m\u016f\u017eete m\u00edt ze star\u00e9 [&hellip;]","datePublished":"2025-01-14","dateModified":"2025-01-14","author":{"@type":"Person","@id":"https:\/\/www.sras.cz\/author\/#Person","name":"sras.cz","url":"https:\/\/www.sras.cz\/author\/","identifier":1,"image":{"@type":"ImageObject","@id":"https:\/\/secure.gravatar.com\/avatar\/b72fc1bf1bf254b4118ef99c1da35a199f5a8e7c33c2166eae92618994df57ea?s=96&d=mm&r=g","url":"https:\/\/secure.gravatar.com\/avatar\/b72fc1bf1bf254b4118ef99c1da35a199f5a8e7c33c2166eae92618994df57ea?s=96&d=mm&r=g","height":96,"width":96}},"publisher":{"@type":"Organization","name":"sras.cz","logo":{"@type":"ImageObject","@id":"\/logo.png","url":"\/logo.png","width":600,"height":60}},"url":"https:\/\/www.sras.cz\/dvirka-z-kvalitnich-materialu\/","wordCount":191,"articleBody":"Va\u0161e kuchy\u0148sk\u00e1 linka vyhovuje po\u017eadovan\u00fdm parametr\u016fm, ale je ji\u017e okoukan\u00e1. P\u0159em\u00fd\u0161l\u00edte, \u017ee ji nat\u0159ete vybranou barvou \/l\u00edb\u00ed se v\u00e1m \u010derven\u00e1?\/ nebo otapetujete samolep\u00edc\u00ed tapetou? Zadr\u017ete. Sly\u0161eli jste o tom, \u017ee existuj\u00ed nejr\u016fzn\u011bj\u0161\u00ed nov\u00e1 dv\u00ed\u0159ka ke kuchy\u0148sk\u00fdm link\u00e1m? Tak\u017ee pro z\u00e1jemce p\u00e1r informac\u00ed: dle va\u0161eho v\u00fdb\u011bru materi\u00e1lu, barevnosti, vzoru, lesku \u010di matu m\u016f\u017eete m\u00edt ze star\u00e9 kuchyn\u011b novou a nebude to a\u017e tak n\u00e1ro\u010dn\u00e9. Dv\u00ed\u0159ka v r\u016fzn\u00fdch kolekc\u00edch a cenov\u00fdch relac\u00edch \u010dekaj\u00ed pr\u00e1v\u011b na v\u00e1s. Nezapome\u0148te na prakti\u010dnost a \u00fadr\u017ebu Informace, fotografie, rozm\u011bry, kontakty najdete na webov\u00fdch str\u00e1nk\u00e1ch nejr\u016fzn\u011bj\u0161\u00edch firem, kter\u00e9 kuchy\u0148sk\u00e1 dv\u00ed\u0159ka vyr\u00e1b\u011bj\u00ed. Dodaj\u00ed je a tak\u00e9 namontuj\u00ed dle va\u0161ich po\u017eadavk\u016f v rozumn\u00fdch dodac\u00edch lh\u016ft\u00e1ch, aby va\u0161e nov\u00e1 kuchy\u0148 byla brzy k pou\u017eit\u00ed. Nev\u00e1hejte a vyb\u00edrejte. A nezapome\u0148te na prakti\u010dnost, \u00fa\u010delnost a \u00fadr\u017ebu dv\u00ed\u0159ka.                                                                                                                                                                                                                                                                                                                                                                                                "},{"@context":"https:\/\/schema.org\/","@type":"BreadcrumbList","itemListElement":[{"@type":"ListItem","position":1,"name":"Dv\u00ed\u0159ka z kvalitn\u00edch materi\u00e1l\u016f","item":"https:\/\/www.sras.cz\/dvirka-z-kvalitnich-materialu\/#breadcrumbitem"}]}]