[{"@context":"https:\/\/schema.org\/","@type":"Blog","@id":"https:\/\/www.sras.cz#Blog","headline":"Sras","description":"\nChcete m\u00edt honosn\u00fd d\u016fm a p\u0159itom ho po\u0159\u00eddit levn\u011b? Chcete bydlet tu i onde a nechcete se st\u011bhovat? Na na\u0161\u00ed str\u00e1nce pro v\u00e1s m\u00e1me vysloven\u011b skv\u011bl\u00fd tip.","url":"https:\/\/www.sras.cz","hasPart":[{"@type":"Article","@id":"https:\/\/www.sras.cz\/proc-je-digitalizace-procesu-vyhodna\/","headline":"Pro\u010d je digitalizace proces\u016f v\u00fdhodn\u00e1","url":"https:\/\/www.sras.cz\/proc-je-digitalizace-procesu-vyhodna\/","datePublished":"2026-04-21","dateModified":"2026-04-21","mainEntityOfPage":"https:\/\/www.sras.cz\/proc-je-digitalizace-procesu-vyhodna\/","author":{"@type":"Person","@id":"https:\/\/www.sras.cz\/author\/#Person","name":"sras.cz","url":"https:\/\/www.sras.cz\/author\/","identifier":1,"image":{"@type":"ImageObject","@id":"https:\/\/secure.gravatar.com\/avatar\/b72fc1bf1bf254b4118ef99c1da35a199f5a8e7c33c2166eae92618994df57ea?s=96&d=mm&r=g","url":"https:\/\/secure.gravatar.com\/avatar\/b72fc1bf1bf254b4118ef99c1da35a199f5a8e7c33c2166eae92618994df57ea?s=96&d=mm&r=g","height":96,"width":96}},"publisher":{"@type":"Organization","name":"sras.cz","logo":{"@type":"ImageObject","@id":"\/logo.png","url":"\/logo.png","width":600,"height":60}},"image":{"@type":"ImageObject","@id":"https:\/\/www.sras.cz\/wp-content\/uploads\/digitalizace1_1.jpg","url":"https:\/\/www.sras.cz\/wp-content\/uploads\/digitalizace1_1.jpg","height":0,"width":0},"wordCount":573,"keywords":null},{"@type":"Article","@id":"https:\/\/www.sras.cz\/reklamni-tricka-jako-soucast-propagace-spravne-dentalni-hygieny\/","headline":"Reklamn\u00ed tri\u010dka jako sou\u010d\u00e1st propagace spr\u00e1vn\u00e9 dent\u00e1ln\u00ed hygieny","url":"https:\/\/www.sras.cz\/reklamni-tricka-jako-soucast-propagace-spravne-dentalni-hygieny\/","datePublished":"2026-01-11","dateModified":"2026-01-11","mainEntityOfPage":"https:\/\/www.sras.cz\/reklamni-tricka-jako-soucast-propagace-spravne-dentalni-hygieny\/","author":{"@type":"Person","@id":"https:\/\/www.sras.cz\/author\/#Person","name":"sras.cz","url":"https:\/\/www.sras.cz\/author\/","identifier":1,"image":{"@type":"ImageObject","@id":"https:\/\/secure.gravatar.com\/avatar\/b72fc1bf1bf254b4118ef99c1da35a199f5a8e7c33c2166eae92618994df57ea?s=96&d=mm&r=g","url":"https:\/\/secure.gravatar.com\/avatar\/b72fc1bf1bf254b4118ef99c1da35a199f5a8e7c33c2166eae92618994df57ea?s=96&d=mm&r=g","height":96,"width":96}},"publisher":{"@type":"Organization","name":"sras.cz","logo":{"@type":"ImageObject","@id":"\/logo.png","url":"\/logo.png","width":600,"height":60}},"image":{"@type":"ImageObject","@id":"https:\/\/www.sras.cz\/wp-content\/uploads\/mabelamber-t-shirt-1524677_640.jpg","url":"https:\/\/www.sras.cz\/wp-content\/uploads\/mabelamber-t-shirt-1524677_640.jpg","height":0,"width":0},"wordCount":541,"keywords":null},{"@type":"Article","@id":"https:\/\/www.sras.cz\/wrapovy-papir-se-radi-mezi-ekologicke-materialy\/","headline":"Wrapov\u00fd pap\u00edr se \u0159ad\u00ed mezi ekologick\u00e9 materi\u00e1ly","url":"https:\/\/www.sras.cz\/wrapovy-papir-se-radi-mezi-ekologicke-materialy\/","datePublished":"2026-01-01","dateModified":"2026-01-01","mainEntityOfPage":"https:\/\/www.sras.cz\/wrapovy-papir-se-radi-mezi-ekologicke-materialy\/","author":{"@type":"Person","@id":"https:\/\/www.sras.cz\/author\/#Person","name":"sras.cz","url":"https:\/\/www.sras.cz\/author\/","identifier":1,"image":{"@type":"ImageObject","@id":"https:\/\/secure.gravatar.com\/avatar\/b72fc1bf1bf254b4118ef99c1da35a199f5a8e7c33c2166eae92618994df57ea?s=96&d=mm&r=g","url":"https:\/\/secure.gravatar.com\/avatar\/b72fc1bf1bf254b4118ef99c1da35a199f5a8e7c33c2166eae92618994df57ea?s=96&d=mm&r=g","height":96,"width":96}},"publisher":{"@type":"Organization","name":"sras.cz","logo":{"@type":"ImageObject","@id":"\/logo.png","url":"\/logo.png","width":600,"height":60}},"image":{"@type":"ImageObject","@id":"https:\/\/www.sras.cz\/wp-content\/uploads\/congerdesign-packaging-2481462_640.jpg","url":"https:\/\/www.sras.cz\/wp-content\/uploads\/congerdesign-packaging-2481462_640.jpg","height":0,"width":0},"wordCount":538,"keywords":null},{"@type":"Article","@id":"https:\/\/www.sras.cz\/prakticke-skrine-na-miru\/","headline":"Praktick\u00e9 sk\u0159\u00edn\u011b na m\u00edru","url":"https:\/\/www.sras.cz\/prakticke-skrine-na-miru\/","datePublished":"2025-12-19","dateModified":"2025-12-19","mainEntityOfPage":"https:\/\/www.sras.cz\/prakticke-skrine-na-miru\/","author":{"@type":"Person","@id":"https:\/\/www.sras.cz\/author\/#Person","name":"sras.cz","url":"https:\/\/www.sras.cz\/author\/","identifier":1,"image":{"@type":"ImageObject","@id":"https:\/\/secure.gravatar.com\/avatar\/b72fc1bf1bf254b4118ef99c1da35a199f5a8e7c33c2166eae92618994df57ea?s=96&d=mm&r=g","url":"https:\/\/secure.gravatar.com\/avatar\/b72fc1bf1bf254b4118ef99c1da35a199f5a8e7c33c2166eae92618994df57ea?s=96&d=mm&r=g","height":96,"width":96}},"publisher":{"@type":"Organization","name":"sras.cz","logo":{"@type":"ImageObject","@id":"\/logo.png","url":"\/logo.png","width":600,"height":60}},"image":{"@type":"ImageObject","@id":"https:\/\/www.sras.cz\/wp-content\/uploads\/towels-923505_640_10_10_4.jpg","url":"https:\/\/www.sras.cz\/wp-content\/uploads\/towels-923505_640_10_10_4.jpg","height":0,"width":0},"wordCount":566,"keywords":null},{"@type":"Article","@id":"https:\/\/www.sras.cz\/stehovani-na-dlouhou-vzdalenost\/","headline":"St\u011bhov\u00e1n\u00ed na dlouhou vzd\u00e1lenost","url":"https:\/\/www.sras.cz\/stehovani-na-dlouhou-vzdalenost\/","datePublished":"2025-11-06","dateModified":"2025-11-06","mainEntityOfPage":"https:\/\/www.sras.cz\/stehovani-na-dlouhou-vzdalenost\/","author":{"@type":"Person","@id":"https:\/\/www.sras.cz\/author\/#Person","name":"sras.cz","url":"https:\/\/www.sras.cz\/author\/","identifier":1,"image":{"@type":"ImageObject","@id":"https:\/\/secure.gravatar.com\/avatar\/b72fc1bf1bf254b4118ef99c1da35a199f5a8e7c33c2166eae92618994df57ea?s=96&d=mm&r=g","url":"https:\/\/secure.gravatar.com\/avatar\/b72fc1bf1bf254b4118ef99c1da35a199f5a8e7c33c2166eae92618994df57ea?s=96&d=mm&r=g","height":96,"width":96}},"publisher":{"@type":"Organization","name":"sras.cz","logo":{"@type":"ImageObject","@id":"\/logo.png","url":"\/logo.png","width":600,"height":60}},"image":{"@type":"ImageObject","@id":"https:\/\/www.sras.cz\/wp-content\/uploads\/cards-8594729_640_3.jpg","url":"https:\/\/www.sras.cz\/wp-content\/uploads\/cards-8594729_640_3.jpg","height":0,"width":0},"wordCount":627,"keywords":null},{"@type":"Article","@id":"https:\/\/www.sras.cz\/automobil-na-leasing\/","headline":"Automobil na leasing","url":"https:\/\/www.sras.cz\/automobil-na-leasing\/","datePublished":"2025-10-10","dateModified":"2025-10-10","mainEntityOfPage":"https:\/\/www.sras.cz\/automobil-na-leasing\/","author":{"@type":"Person","@id":"https:\/\/www.sras.cz\/author\/#Person","name":"sras.cz","url":"https:\/\/www.sras.cz\/author\/","identifier":1,"image":{"@type":"ImageObject","@id":"https:\/\/secure.gravatar.com\/avatar\/b72fc1bf1bf254b4118ef99c1da35a199f5a8e7c33c2166eae92618994df57ea?s=96&d=mm&r=g","url":"https:\/\/secure.gravatar.com\/avatar\/b72fc1bf1bf254b4118ef99c1da35a199f5a8e7c33c2166eae92618994df57ea?s=96&d=mm&r=g","height":96,"width":96}},"publisher":{"@type":"Organization","name":"sras.cz","logo":{"@type":"ImageObject","@id":"\/logo.png","url":"\/logo.png","width":600,"height":60}},"image":{"@type":"ImageObject","@id":"https:\/\/www.sras.cz\/wp-content\/uploads\/driver-5678711_640_5.jpg","url":"https:\/\/www.sras.cz\/wp-content\/uploads\/driver-5678711_640_5.jpg","height":0,"width":0},"wordCount":604,"keywords":null},{"@type":"Article","@id":"https:\/\/www.sras.cz\/prijmy-nejsou-jiste\/","headline":"P\u0159\u00edjmy nejsou jist\u00e9","url":"https:\/\/www.sras.cz\/prijmy-nejsou-jiste\/","datePublished":"2025-09-01","dateModified":"2025-09-01","mainEntityOfPage":"https:\/\/www.sras.cz\/prijmy-nejsou-jiste\/","author":{"@type":"Person","@id":"https:\/\/www.sras.cz\/author\/#Person","name":"sras.cz","url":"https:\/\/www.sras.cz\/author\/","identifier":1,"image":{"@type":"ImageObject","@id":"https:\/\/secure.gravatar.com\/avatar\/b72fc1bf1bf254b4118ef99c1da35a199f5a8e7c33c2166eae92618994df57ea?s=96&d=mm&r=g","url":"https:\/\/secure.gravatar.com\/avatar\/b72fc1bf1bf254b4118ef99c1da35a199f5a8e7c33c2166eae92618994df57ea?s=96&d=mm&r=g","height":96,"width":96}},"publisher":{"@type":"Organization","name":"sras.cz","logo":{"@type":"ImageObject","@id":"\/logo.png","url":"\/logo.png","width":600,"height":60}},"image":{"@type":"ImageObject","@id":"https:\/\/www.sras.cz\/wp-content\/uploads\/pppp_10_10_10_10_10_10_10_2.jpg","url":"https:\/\/www.sras.cz\/wp-content\/uploads\/pppp_10_10_10_10_10_10_10_2.jpg","height":0,"width":0},"wordCount":618,"keywords":null},{"@type":"Article","@id":"https:\/\/www.sras.cz\/mate-chut-do-maleho-vzrusujiciho-dobrodruzstvi\/","headline":"M\u00e1te chu\u0165 do mal\u00e9ho vzru\u0161uj\u00edc\u00edho dobrodru\u017estv\u00ed?","url":"https:\/\/www.sras.cz\/mate-chut-do-maleho-vzrusujiciho-dobrodruzstvi\/","datePublished":"2025-08-25","dateModified":"2025-08-25","mainEntityOfPage":"https:\/\/www.sras.cz\/mate-chut-do-maleho-vzrusujiciho-dobrodruzstvi\/","author":{"@type":"Person","@id":"https:\/\/www.sras.cz\/author\/#Person","name":"sras.cz","url":"https:\/\/www.sras.cz\/author\/","identifier":1,"image":{"@type":"ImageObject","@id":"https:\/\/secure.gravatar.com\/avatar\/b72fc1bf1bf254b4118ef99c1da35a199f5a8e7c33c2166eae92618994df57ea?s=96&d=mm&r=g","url":"https:\/\/secure.gravatar.com\/avatar\/b72fc1bf1bf254b4118ef99c1da35a199f5a8e7c33c2166eae92618994df57ea?s=96&d=mm&r=g","height":96,"width":96}},"publisher":{"@type":"Organization","name":"sras.cz","logo":{"@type":"ImageObject","@id":"\/logo.png","url":"\/logo.png","width":600,"height":60}},"image":null,"wordCount":286,"keywords":null},{"@type":"Article","@id":"https:\/\/www.sras.cz\/nechejte-si-pomoci\/","headline":"Nechejte si pomoci","url":"https:\/\/www.sras.cz\/nechejte-si-pomoci\/","datePublished":"2025-08-19","dateModified":"2025-08-19","mainEntityOfPage":"https:\/\/www.sras.cz\/nechejte-si-pomoci\/","author":{"@type":"Person","@id":"https:\/\/www.sras.cz\/author\/#Person","name":"sras.cz","url":"https:\/\/www.sras.cz\/author\/","identifier":1,"image":{"@type":"ImageObject","@id":"https:\/\/secure.gravatar.com\/avatar\/b72fc1bf1bf254b4118ef99c1da35a199f5a8e7c33c2166eae92618994df57ea?s=96&d=mm&r=g","url":"https:\/\/secure.gravatar.com\/avatar\/b72fc1bf1bf254b4118ef99c1da35a199f5a8e7c33c2166eae92618994df57ea?s=96&d=mm&r=g","height":96,"width":96}},"publisher":{"@type":"Organization","name":"sras.cz","logo":{"@type":"ImageObject","@id":"\/logo.png","url":"\/logo.png","width":600,"height":60}},"image":null,"wordCount":213,"keywords":null},{"@type":"Article","@id":"https:\/\/www.sras.cz\/erotic-massage-prague-vas-privedou-na-samy-vrchol-rozkose\/","headline":"Erotic massage prague V\u00e1s p\u0159ivedou na sam\u00fd vrchol rozko\u0161e","url":"https:\/\/www.sras.cz\/erotic-massage-prague-vas-privedou-na-samy-vrchol-rozkose\/","datePublished":"2025-08-12","dateModified":"2025-08-12","mainEntityOfPage":"https:\/\/www.sras.cz\/erotic-massage-prague-vas-privedou-na-samy-vrchol-rozkose\/","author":{"@type":"Person","@id":"https:\/\/www.sras.cz\/author\/#Person","name":"sras.cz","url":"https:\/\/www.sras.cz\/author\/","identifier":1,"image":{"@type":"ImageObject","@id":"https:\/\/secure.gravatar.com\/avatar\/b72fc1bf1bf254b4118ef99c1da35a199f5a8e7c33c2166eae92618994df57ea?s=96&d=mm&r=g","url":"https:\/\/secure.gravatar.com\/avatar\/b72fc1bf1bf254b4118ef99c1da35a199f5a8e7c33c2166eae92618994df57ea?s=96&d=mm&r=g","height":96,"width":96}},"publisher":{"@type":"Organization","name":"sras.cz","logo":{"@type":"ImageObject","@id":"\/logo.png","url":"\/logo.png","width":600,"height":60}},"image":null,"wordCount":300,"keywords":null}]},{"@context":"https:\/\/schema.org","@type":"WebSite","@id":"https:\/\/www.sras.cz\/#website","name":"Sras","url":"https:\/\/www.sras.cz","potentialAction":{"@type":"SearchAction","target":"https:\/\/www.sras.cz\/?s={search_term_string}","query-input":"required name=search_term_string"}}]